{"id":1038,"date":"2024-12-04T11:29:17","date_gmt":"2024-12-04T10:29:17","guid":{"rendered":"https:\/\/evolutinteriordesign.com\/?p=1038"},"modified":"2024-12-09T09:43:32","modified_gmt":"2024-12-09T08:43:32","slug":"proyecto-diseno-detallado","status":"publish","type":"post","link":"https:\/\/evolutinteriordesign.com\/ca\/proyecto-diseno-detallado\/","title":{"rendered":"De la idea a la realidad: proyecto de dise\u00f1o detallado"},"content":{"rendered":"<p><span style=\"font-weight: 400;\">En <\/span><a href=\"https:\/\/evolutinteriordesign.com\/\"><b>Evolut Interior Design<\/b><\/a><span style=\"font-weight: 400;\">, cada <\/span><a href=\"https:\/\/evolutinteriordesign.com\/servicio\/diseno-interiores\/\"><b>proyecto de dise\u00f1o detallado<\/b><\/a><span style=\"font-weight: 400;\">\u00a0nace de una visi\u00f3n \u00fanica. Nuestro equipo convierte ideas iniciales en planos exhaustivos, fusionando <\/span><b>creatividad<\/b><span style=\"font-weight: 400;\"> y <\/span><b>precisi\u00f3n<\/b><span style=\"font-weight: 400;\"> para que cada reforma alcance el m\u00e1ximo nivel de <\/span><b>calidad<\/b><span style=\"font-weight: 400;\"> y <\/span><b>personalizaci\u00f3n<\/b><span style=\"font-weight: 400;\">. Desde la <\/span><b>inspiraci\u00f3n inicial<\/b><span style=\"font-weight: 400;\"> hasta los <\/span><b>planos finales<\/b><span style=\"font-weight: 400;\">, cada fase est\u00e1 dise\u00f1ada para cumplir con los m\u00e1s altos est\u00e1ndares y reflejar el <\/span><b>estilo<\/b><span style=\"font-weight: 400;\"> y las <\/span><b>necesidades del cliente<\/b><span style=\"font-weight: 400;\">.<\/span><\/p>\n<h2><b>1. Inspiraci\u00f3n y primera reuni\u00f3n con el cliente\u00a0<\/b><\/h2>\n<p><span style=\"font-weight: 400;\">El primer paso en cualquier <\/span><a href=\"https:\/\/evolutinteriordesign.com\/servicio\/diseno-interiores\/\"><b>proyecto de dise\u00f1o detallado<\/b><\/a><span style=\"font-weight: 400;\">\u00a0es comprender en profundidad las <\/span><b>aspiraciones<\/b><span style=\"font-weight: 400;\"> y <\/span><b>preferencias<\/b><span style=\"font-weight: 400;\"> del cliente. En esta fase, nuestro equipo de dise\u00f1adores de interiores y arquitectos organiza <\/span><b>reuniones<\/b><span style=\"font-weight: 400;\"> para escuchar las <\/span><b>ideas<\/b><span style=\"font-weight: 400;\">, el <\/span><b>estilo de vida<\/b><span style=\"font-weight: 400;\"> y los <\/span><b>requisitos espec\u00edficos<\/b><span style=\"font-weight: 400;\"> del cliente. A partir de estas conversaciones, recogemos la informaci\u00f3n necesaria que servir\u00e1 como base de todo el proyecto.<\/span><\/p>\n<p><span style=\"font-weight: 400;\">A trav\u00e9s de <\/span><b>moodboards<\/b><span style=\"font-weight: 400;\">, muestras de <\/span><b>materiales<\/b><span style=\"font-weight: 400;\"> y ejemplos de <\/span><b>proyectos anteriores<\/b><span style=\"font-weight: 400;\">, ayudamos a los clientes a visualizar sus ideas. Es en esta fase donde se definen los <\/span><b>colores<\/b><span style=\"font-weight: 400;\">, <\/span><b>materiales<\/b><span style=\"font-weight: 400;\"> y la <\/span><b>atm\u00f3sfera general<\/b><span style=\"font-weight: 400;\"> del espacio, elementos que ser\u00e1n fundamentales en el dise\u00f1o final.<\/span><\/p>\n<h2><b>2. Conceptualizaci\u00f3n: Del boceto a la estructura del proyecto\u00a0<\/b><\/h2>\n<p><span style=\"font-weight: 400;\">Con una comprensi\u00f3n clara de la visi\u00f3n del cliente, el equipo de <\/span><a href=\"https:\/\/evolutinteriordesign.com\/\"><b>Evolut<\/b><\/a><b>\u00a0<\/b><span style=\"font-weight: 400;\">comienza la fase de <\/span><b>conceptualizaci\u00f3n<\/b><span style=\"font-weight: 400;\">. Aqu\u00ed, nuestras ideas iniciales se plasman en <\/span><b>bocetos<\/b><span style=\"font-weight: 400;\"> y <\/span><b>planos preliminares<\/b><span style=\"font-weight: 400;\">, que sirven como una representaci\u00f3n b\u00e1sica del dise\u00f1o. Durante esta etapa, se exploran diferentes <\/span><b>disposiciones de espacio<\/b><span style=\"font-weight: 400;\"> y <\/span><b>distribuci\u00f3n de mobiliario<\/b><span style=\"font-weight: 400;\"> para encontrar la soluci\u00f3n ideal en t\u00e9rminos de <\/span><b>funcionalidad<\/b><span style=\"font-weight: 400;\"> y <\/span><b>est\u00e9tica<\/b><span style=\"font-weight: 400;\">.<\/span><\/p>\n<p><span style=\"font-weight: 400;\">La <\/span><b>conceptualizaci\u00f3n<\/b><span style=\"font-weight: 400;\"> permite ajustar los detalles antes de pasar a la fase t\u00e9cnica, optimizando as\u00ed cada rinc\u00f3n del espacio. Este enfoque detallado asegura que cualquier cambio sea eficiente y refleje la <\/span><b>visi\u00f3n original del cliente<\/b><span style=\"font-weight: 400;\">.<\/span><\/p>\n<h2><b>3. Desarrollo t\u00e9cnico y planos de construcci\u00f3n<\/b><\/h2>\n<p><span style=\"font-weight: 400;\">Una vez aprobado el concepto inicial, <\/span><b>Evolut Interior Design<\/b><span style=\"font-weight: 400;\"> comienza a trabajar en el <\/span><b>desarrollo t\u00e9cnico<\/b><span style=\"font-weight: 400;\"> del proyecto. Esta fase implica la creaci\u00f3n de <\/span><b>planos detallados<\/b><span style=\"font-weight: 400;\"> que guiar\u00e1n todo el proceso de ejecuci\u00f3n de obra. En esta etapa, se definen con precisi\u00f3n aspectos como <\/span><b>instalaciones el\u00e9ctricas<\/b><span style=\"font-weight: 400;\">, <\/span><b>fontaner\u00eda<\/b><span style=\"font-weight: 400;\">, <\/span><b>calefacci\u00f3n<\/b><span style=\"font-weight: 400;\"> y <\/span><b>aire acondicionado<\/b><span style=\"font-weight: 400;\">, asegurando que cada elemento funcione de manera integrada.<\/span><\/p>\n<p><span style=\"font-weight: 400;\">Adem\u00e1s, en esta fase se especifican todos los <\/span><b>acabados<\/b><span style=\"font-weight: 400;\">, <\/span><b>materiales<\/b><span style=\"font-weight: 400;\"> y <\/span><b>dimensiones<\/b><span style=\"font-weight: 400;\">, convirtiendo las ideas iniciales en un proyecto s\u00f3lido y bien estructurado. Nuestros <\/span><b>arquitectos<\/b><span style=\"font-weight: 400;\"> y <\/span><b>t\u00e9cnicos<\/b><span style=\"font-weight: 400;\"> trabajan en estrecha colaboraci\u00f3n para que los planos reflejen exactamente la visi\u00f3n del cliente y cumplan con los est\u00e1ndares de calidad de <\/span><b>Evolut<\/b><span style=\"font-weight: 400;\">.<\/span><\/p>\n<h3><b>Importancia de los detalles t\u00e9cnicos en el dise\u00f1o\u00a0<\/b><\/h3>\n<p><span style=\"font-weight: 400;\">Los <\/span><b>detalles t\u00e9cnicos<\/b><span style=\"font-weight: 400;\"> son esenciales en un <\/span><b>proyecto de dise\u00f1o detallado<\/b><span style=\"font-weight: 400;\">. Aspectos como la elecci\u00f3n de <\/span><b>materiales espec\u00edficos<\/b><span style=\"font-weight: 400;\">, la <\/span><b>ubicaci\u00f3n exacta de instalaciones<\/b><span style=\"font-weight: 400;\"> y los <\/span><b>detalles arquitect\u00f3nicos<\/b><span style=\"font-weight: 400;\"> requieren una planificaci\u00f3n cuidadosa para asegurar que la ejecuci\u00f3n sea fiel al dise\u00f1o inicial. En <\/span><b>Evolut<\/b><span style=\"font-weight: 400;\">, nos aseguramos de que cada <\/span><b>detalle t\u00e9cnico<\/b><span style=\"font-weight: 400;\"> est\u00e9 optimizado para maximizar la <\/span><b>funcionalidad<\/b><span style=\"font-weight: 400;\"> y la <\/span><b>durabilidad<\/b><span style=\"font-weight: 400;\"> del espacio.<\/span><\/p>\n<h2><b>4. Supervisi\u00f3n y seguimiento durante la ejecuci\u00f3n de obra\u00a0<\/b><\/h2>\n<p><span style=\"font-weight: 400;\">Con los <\/span><b>planos detallados<\/b><span style=\"font-weight: 400;\"> y la <\/span><b>documentaci\u00f3n t\u00e9cnica<\/b><span style=\"font-weight: 400;\"> completa, el proyecto pasa a la fase de <\/span><b>ejecuci\u00f3n<\/b><span style=\"font-weight: 400;\">. En esta etapa, el equipo de <\/span><a href=\"https:\/\/evolutinteriordesign.com\/\"><b>Evolut<\/b><\/a><b>\u00a0<\/b><span style=\"font-weight: 400;\">coordina y supervisa cada aspecto de la obra, trabajando de la mano con <\/span><b>profesionales<\/b><span style=\"font-weight: 400;\"> y <\/span><b>proveedores<\/b><span style=\"font-weight: 400;\"> para garantizar que cada fase del proyecto se ejecute seg\u00fan el plan.<\/span><\/p>\n<p><span style=\"font-weight: 400;\">La <\/span><b>supervisi\u00f3n en obra<\/b><span style=\"font-weight: 400;\"> es un pilar fundamental para <\/span><b>Evolut Interior Design<\/b><span style=\"font-weight: 400;\">. Durante el proceso de construcci\u00f3n, realizamos <\/span><b>visitas peri\u00f3dicas<\/b><span style=\"font-weight: 400;\"> y actualizaciones al cliente, asegur\u00e1ndonos de que cada elemento del dise\u00f1o se realice con la mayor <\/span><b>precisi\u00f3n<\/b><span style=\"font-weight: 400;\"> posible. De este modo, cada cliente puede estar tranquilo de que su proyecto avanzar\u00e1 sin contratiempos y manteniendo la <\/span><b>calidad<\/b><span style=\"font-weight: 400;\"> establecida.<\/span><\/p>\n<h2><b>5. Revisi\u00f3n final y entrega del proyecto\u00a0<\/b><\/h2>\n<p><span style=\"font-weight: 400;\">Una vez completada la obra, se lleva a cabo una <\/span><b>revisi\u00f3n final<\/b><span style=\"font-weight: 400;\"> para asegurarnos de que todos los aspectos del proyecto cumplan con los altos est\u00e1ndares de <\/span><b>calidad<\/b><span style=\"font-weight: 400;\"> de Evolut. En esta fase, se inspeccionan todos los <\/span><b>detalles<\/b><span style=\"font-weight: 400;\">, se ajustan los <\/span><b>acabados finales<\/b><span style=\"font-weight: 400;\"> y se realizan los \u00faltimos retoques antes de la <\/span><b>entrega<\/b><span style=\"font-weight: 400;\">.<\/span><\/p>\n<p><span style=\"font-weight: 400;\">La <\/span><b>entrega final<\/b><span style=\"font-weight: 400;\"> es un momento crucial en cualquier <\/span><a href=\"https:\/\/evolutinteriordesign.com\/servicio\/diseno-interiores\/\"><b>proyecto de dise\u00f1o detallado<\/b><\/a><span style=\"font-weight: 400;\">. En <\/span><b>Evolut<\/b><span style=\"font-weight: 400;\">, nuestro objetivo es ofrecer un espacio que no solo cumpla, sino que supere las expectativas del cliente, convirtiendo su visi\u00f3n inicial en una realidad.<\/span><\/p>\n<p>&nbsp;<\/p>\n<hr \/>\n<h2><\/h2>\n<h2><b>Evolut Interior Design: Transformando ideas en espacios \u00fanicos\u00a0<\/b><\/h2>\n<p><span style=\"font-weight: 400;\">En <\/span><b>Evolut Interior Design<\/b><span style=\"font-weight: 400;\">, nuestra pasi\u00f3n es hacer realidad las visiones de nuestros clientes. Desde la primera reuni\u00f3n hasta la entrega final, nos comprometemos a ofrecer un <\/span><b>proyecto de dise\u00f1o detallado<\/b><span style=\"font-weight: 400;\">, con un enfoque en la <\/span><b>calidad<\/b><span style=\"font-weight: 400;\">, la <\/span><b>precisi\u00f3n<\/b><span style=\"font-weight: 400;\"> y el <\/span><b>estilo exclusivo<\/b><span style=\"font-weight: 400;\">. Si est\u00e1s pensando en renovar o dise\u00f1ar un nuevo espacio, <a href=\"https:\/\/evolutinteriordesign.com\/contacto\/\"><strong>cont\u00e1ctanos<\/strong><\/a><\/span><span style=\"font-weight: 400;\">\u00a0y descubre c\u00f3mo podemos ayudarte a transformar tu idea en una realidad.<\/span><\/p>\n<p><span style=\"font-weight: 400;\">Adem\u00e1s, no olvides seguirnos en <a href=\"https:\/\/www.instagram.com\/evolut_interior_design\/\" target=\"_blank\" rel=\"noopener\"><strong>Instagram<\/strong><\/a><\/span><span style=\"font-weight: 400;\">\u00a0para estar al d\u00eda sobre todas las novedades en <a href=\"https:\/\/evolutinteriordesign.com\/servicio\/diseno-interiores\/\"><strong>dise\u00f1o de interiores y reformas de lujo<\/strong><\/a><\/span><span style=\"font-weight: 400;\">.\u00a0<\/span><\/p>\n<p>&nbsp;<\/p>\n","protected":false},"excerpt":{"rendered":"<p>En Evolut Interior Design, convertir una idea en un proyecto de dise\u00f1o detallado implica un proceso que va desde la inspiraci\u00f3n inicial hasta la entrega de planos y detalles t\u00e9cnicos. Nuestro equipo trabaja junto al cliente en cada fase: conceptualizaci\u00f3n, desarrollo t\u00e9cnico, ejecuci\u00f3n y revisi\u00f3n final, asegurando que el resultado cumpla con sus expectativas. Gracias a un enfoque preciso y personalizado, transformamos espacios para que reflejen estilo y funcionalidad, con calidad y acabados exclusivos.<\/p>\n","protected":false},"author":1,"featured_media":1044,"comment_status":"closed","ping_status":"closed","sticky":false,"template":"","format":"standard","meta":{"_acf_changed":false,"_et_pb_use_builder":"","_et_pb_old_content":"","_et_gb_content_width":"","inline_featured_image":false,"footnotes":""},"categories":[12],"tags":[29,25,26,27,28,23,24],"class_list":["post-1038","post","type-post","status-publish","format-standard","has-post-thumbnail","hentry","category-reforma-integral","tag-arquitectura","tag-empresa-de-reformas","tag-evolut-interior-design","tag-interiorismo","tag-obra-nueva","tag-reformas","tag-reformas-integrales"],"acf":[],"yoast_head":"<!-- This site is optimized with the Yoast SEO plugin v23.9 - https:\/\/yoast.com\/wordpress\/plugins\/seo\/ -->\n<title>De la idea a la realidad: proyecto de dise\u00f1o detallado<\/title>\n<meta name=\"description\" content=\"Descubre c\u00f3mo Evolut convierte ideas en proyectos de dise\u00f1o detallado para reformas de calidad en Barcelona.\" \/>\n<meta name=\"robots\" content=\"index, follow, max-snippet:-1, max-image-preview:large, max-video-preview:-1\" \/>\n<link rel=\"canonical\" href=\"https:\/\/evolutinteriordesign.com\/ca\/proyecto-diseno-detallado\/\" \/>\n<meta property=\"og:locale\" content=\"ca_ES\" \/>\n<meta property=\"og:type\" content=\"article\" \/>\n<meta property=\"og:title\" content=\"De la idea a la realidad: proyecto de dise\u00f1o detallado\" \/>\n<meta property=\"og:description\" content=\"Descubre c\u00f3mo Evolut convierte ideas en proyectos de dise\u00f1o detallado para reformas de calidad en Barcelona.\" \/>\n<meta property=\"og:url\" content=\"https:\/\/evolutinteriordesign.com\/ca\/proyecto-diseno-detallado\/\" \/>\n<meta property=\"og:site_name\" content=\"Evolut Interior Design\" \/>\n<meta property=\"article:published_time\" content=\"2024-12-04T10:29:17+00:00\" \/>\n<meta property=\"article:modified_time\" content=\"2024-12-09T08:43:32+00:00\" \/>\n<meta property=\"og:image\" content=\"https:\/\/evolutinteriordesign.com\/wp-content\/uploads\/2024\/12\/proyecto-diseno-detallado-evolut-interior-design.webp\" \/>\n\t<meta property=\"og:image:width\" content=\"348\" \/>\n\t<meta property=\"og:image:height\" content=\"468\" \/>\n\t<meta property=\"og:image:type\" content=\"image\/webp\" \/>\n<meta name=\"author\" content=\"welovewebs\" \/>\n<meta name=\"twitter:card\" content=\"summary_large_image\" \/>\n<meta name=\"twitter:label1\" content=\"Escrit per\" \/>\n\t<meta name=\"twitter:data1\" content=\"welovewebs\" \/>\n\t<meta name=\"twitter:label2\" content=\"Temps estimat de lectura\" \/>\n\t<meta name=\"twitter:data2\" content=\"4 minuts\" \/>\n<script type=\"application\/ld+json\" class=\"yoast-schema-graph\">{\"@context\":\"https:\/\/schema.org\",\"@graph\":[{\"@type\":\"Article\",\"@id\":\"https:\/\/evolutinteriordesign.com\/ca\/proyecto-diseno-detallado\/#article\",\"isPartOf\":{\"@id\":\"https:\/\/evolutinteriordesign.com\/ca\/proyecto-diseno-detallado\/\"},\"author\":{\"name\":\"welovewebs\",\"@id\":\"http:\/\/evolutinteriordesign.com\/#\/schema\/person\/761273df5e2e3d470e0abe5e3c0e088d\"},\"headline\":\"De la idea a la realidad: proyecto de dise\u00f1o detallado\",\"datePublished\":\"2024-12-04T10:29:17+00:00\",\"dateModified\":\"2024-12-09T08:43:32+00:00\",\"mainEntityOfPage\":{\"@id\":\"https:\/\/evolutinteriordesign.com\/ca\/proyecto-diseno-detallado\/\"},\"wordCount\":883,\"publisher\":{\"@id\":\"http:\/\/evolutinteriordesign.com\/#organization\"},\"image\":{\"@id\":\"https:\/\/evolutinteriordesign.com\/ca\/proyecto-diseno-detallado\/#primaryimage\"},\"thumbnailUrl\":\"https:\/\/evolutinteriordesign.com\/wp-content\/uploads\/2024\/12\/proyecto-diseno-detallado-evolut-interior-design.webp\",\"keywords\":[\"arquitectura\",\"empresa de reformas\",\"evolut interior design\",\"interiorismo\",\"obra nueva\",\"reformas\",\"reformas integrales\"],\"articleSection\":[\"Reforma integral\"],\"inLanguage\":\"ca\"},{\"@type\":\"WebPage\",\"@id\":\"https:\/\/evolutinteriordesign.com\/ca\/proyecto-diseno-detallado\/\",\"url\":\"https:\/\/evolutinteriordesign.com\/ca\/proyecto-diseno-detallado\/\",\"name\":\"De la idea a la realidad: proyecto de dise\u00f1o detallado\",\"isPartOf\":{\"@id\":\"http:\/\/evolutinteriordesign.com\/#website\"},\"primaryImageOfPage\":{\"@id\":\"https:\/\/evolutinteriordesign.com\/ca\/proyecto-diseno-detallado\/#primaryimage\"},\"image\":{\"@id\":\"https:\/\/evolutinteriordesign.com\/ca\/proyecto-diseno-detallado\/#primaryimage\"},\"thumbnailUrl\":\"https:\/\/evolutinteriordesign.com\/wp-content\/uploads\/2024\/12\/proyecto-diseno-detallado-evolut-interior-design.webp\",\"datePublished\":\"2024-12-04T10:29:17+00:00\",\"dateModified\":\"2024-12-09T08:43:32+00:00\",\"description\":\"Descubre c\u00f3mo Evolut convierte ideas en proyectos de dise\u00f1o detallado para reformas de calidad en Barcelona.\",\"breadcrumb\":{\"@id\":\"https:\/\/evolutinteriordesign.com\/ca\/proyecto-diseno-detallado\/#breadcrumb\"},\"inLanguage\":\"ca\",\"potentialAction\":[{\"@type\":\"ReadAction\",\"target\":[\"https:\/\/evolutinteriordesign.com\/ca\/proyecto-diseno-detallado\/\"]}]},{\"@type\":\"ImageObject\",\"inLanguage\":\"ca\",\"@id\":\"https:\/\/evolutinteriordesign.com\/ca\/proyecto-diseno-detallado\/#primaryimage\",\"url\":\"https:\/\/evolutinteriordesign.com\/wp-content\/uploads\/2024\/12\/proyecto-diseno-detallado-evolut-interior-design.webp\",\"contentUrl\":\"https:\/\/evolutinteriordesign.com\/wp-content\/uploads\/2024\/12\/proyecto-diseno-detallado-evolut-interior-design.webp\",\"width\":348,\"height\":468,\"caption\":\"Proyecto de dise\u00f1o detallado de Evolut Interior Design en Barcelona\"},{\"@type\":\"BreadcrumbList\",\"@id\":\"https:\/\/evolutinteriordesign.com\/ca\/proyecto-diseno-detallado\/#breadcrumb\",\"itemListElement\":[{\"@type\":\"ListItem\",\"position\":1,\"name\":\"Portada\",\"item\":\"https:\/\/evolutinteriordesign.com\/ca\/\"},{\"@type\":\"ListItem\",\"position\":2,\"name\":\"De la idea a la realidad: proyecto de dise\u00f1o detallado\"}]},{\"@type\":\"WebSite\",\"@id\":\"http:\/\/evolutinteriordesign.com\/#website\",\"url\":\"http:\/\/evolutinteriordesign.com\/\",\"name\":\"Evolut Interior Design\",\"description\":\"\",\"publisher\":{\"@id\":\"http:\/\/evolutinteriordesign.com\/#organization\"},\"potentialAction\":[{\"@type\":\"SearchAction\",\"target\":{\"@type\":\"EntryPoint\",\"urlTemplate\":\"http:\/\/evolutinteriordesign.com\/?s={search_term_string}\"},\"query-input\":{\"@type\":\"PropertyValueSpecification\",\"valueRequired\":true,\"valueName\":\"search_term_string\"}}],\"inLanguage\":\"ca\"},{\"@type\":\"Organization\",\"@id\":\"http:\/\/evolutinteriordesign.com\/#organization\",\"name\":\"Evolut Interior Design\",\"url\":\"http:\/\/evolutinteriordesign.com\/\",\"logo\":{\"@type\":\"ImageObject\",\"inLanguage\":\"ca\",\"@id\":\"http:\/\/evolutinteriordesign.com\/#\/schema\/logo\/image\/\",\"url\":\"http:\/\/evolutinteriordesign.com\/wp-content\/uploads\/2024\/08\/logo-evolut-blanco.svg\",\"contentUrl\":\"http:\/\/evolutinteriordesign.com\/wp-content\/uploads\/2024\/08\/logo-evolut-blanco.svg\",\"width\":\"1024\",\"height\":\"1024\",\"caption\":\"Evolut Interior Design\"},\"image\":{\"@id\":\"http:\/\/evolutinteriordesign.com\/#\/schema\/logo\/image\/\"}},{\"@type\":\"Person\",\"@id\":\"http:\/\/evolutinteriordesign.com\/#\/schema\/person\/761273df5e2e3d470e0abe5e3c0e088d\",\"name\":\"welovewebs\",\"image\":{\"@type\":\"ImageObject\",\"inLanguage\":\"ca\",\"@id\":\"http:\/\/evolutinteriordesign.com\/#\/schema\/person\/image\/\",\"url\":\"https:\/\/secure.gravatar.com\/avatar\/7d8316bda3f8bf0c382d5c6f3a5e3eaaf76a6e24bb44b780b8b99e2d0fc92d6a?s=96&d=mm&r=g\",\"contentUrl\":\"https:\/\/secure.gravatar.com\/avatar\/7d8316bda3f8bf0c382d5c6f3a5e3eaaf76a6e24bb44b780b8b99e2d0fc92d6a?s=96&d=mm&r=g\",\"caption\":\"welovewebs\"},\"sameAs\":[\"https:\/\/evolutinteriordesign.com\/\"]}]}<\/script>\n<!-- \/ Yoast SEO plugin. -->","yoast_head_json":{"title":"De la idea a la realidad: proyecto de dise\u00f1o detallado","description":"Descubre c\u00f3mo Evolut convierte ideas en proyectos de dise\u00f1o detallado para reformas de calidad en Barcelona.","robots":{"index":"index","follow":"follow","max-snippet":"max-snippet:-1","max-image-preview":"max-image-preview:large","max-video-preview":"max-video-preview:-1"},"canonical":"https:\/\/evolutinteriordesign.com\/ca\/proyecto-diseno-detallado\/","og_locale":"ca_ES","og_type":"article","og_title":"De la idea a la realidad: proyecto de dise\u00f1o detallado","og_description":"Descubre c\u00f3mo Evolut convierte ideas en proyectos de dise\u00f1o detallado para reformas de calidad en Barcelona.","og_url":"https:\/\/evolutinteriordesign.com\/ca\/proyecto-diseno-detallado\/","og_site_name":"Evolut Interior Design","article_published_time":"2024-12-04T10:29:17+00:00","article_modified_time":"2024-12-09T08:43:32+00:00","og_image":[{"width":348,"height":468,"url":"https:\/\/evolutinteriordesign.com\/wp-content\/uploads\/2024\/12\/proyecto-diseno-detallado-evolut-interior-design.webp","type":"image\/webp"}],"author":"welovewebs","twitter_card":"summary_large_image","twitter_misc":{"Escrit per":"welovewebs","Temps estimat de lectura":"4 minuts"},"schema":{"@context":"https:\/\/schema.org","@graph":[{"@type":"Article","@id":"https:\/\/evolutinteriordesign.com\/ca\/proyecto-diseno-detallado\/#article","isPartOf":{"@id":"https:\/\/evolutinteriordesign.com\/ca\/proyecto-diseno-detallado\/"},"author":{"name":"welovewebs","@id":"http:\/\/evolutinteriordesign.com\/#\/schema\/person\/761273df5e2e3d470e0abe5e3c0e088d"},"headline":"De la idea a la realidad: proyecto de dise\u00f1o detallado","datePublished":"2024-12-04T10:29:17+00:00","dateModified":"2024-12-09T08:43:32+00:00","mainEntityOfPage":{"@id":"https:\/\/evolutinteriordesign.com\/ca\/proyecto-diseno-detallado\/"},"wordCount":883,"publisher":{"@id":"http:\/\/evolutinteriordesign.com\/#organization"},"image":{"@id":"https:\/\/evolutinteriordesign.com\/ca\/proyecto-diseno-detallado\/#primaryimage"},"thumbnailUrl":"https:\/\/evolutinteriordesign.com\/wp-content\/uploads\/2024\/12\/proyecto-diseno-detallado-evolut-interior-design.webp","keywords":["arquitectura","empresa de reformas","evolut interior design","interiorismo","obra nueva","reformas","reformas integrales"],"articleSection":["Reforma integral"],"inLanguage":"ca"},{"@type":"WebPage","@id":"https:\/\/evolutinteriordesign.com\/ca\/proyecto-diseno-detallado\/","url":"https:\/\/evolutinteriordesign.com\/ca\/proyecto-diseno-detallado\/","name":"De la idea a la realidad: proyecto de dise\u00f1o detallado","isPartOf":{"@id":"http:\/\/evolutinteriordesign.com\/#website"},"primaryImageOfPage":{"@id":"https:\/\/evolutinteriordesign.com\/ca\/proyecto-diseno-detallado\/#primaryimage"},"image":{"@id":"https:\/\/evolutinteriordesign.com\/ca\/proyecto-diseno-detallado\/#primaryimage"},"thumbnailUrl":"https:\/\/evolutinteriordesign.com\/wp-content\/uploads\/2024\/12\/proyecto-diseno-detallado-evolut-interior-design.webp","datePublished":"2024-12-04T10:29:17+00:00","dateModified":"2024-12-09T08:43:32+00:00","description":"Descubre c\u00f3mo Evolut convierte ideas en proyectos de dise\u00f1o detallado para reformas de calidad en Barcelona.","breadcrumb":{"@id":"https:\/\/evolutinteriordesign.com\/ca\/proyecto-diseno-detallado\/#breadcrumb"},"inLanguage":"ca","potentialAction":[{"@type":"ReadAction","target":["https:\/\/evolutinteriordesign.com\/ca\/proyecto-diseno-detallado\/"]}]},{"@type":"ImageObject","inLanguage":"ca","@id":"https:\/\/evolutinteriordesign.com\/ca\/proyecto-diseno-detallado\/#primaryimage","url":"https:\/\/evolutinteriordesign.com\/wp-content\/uploads\/2024\/12\/proyecto-diseno-detallado-evolut-interior-design.webp","contentUrl":"https:\/\/evolutinteriordesign.com\/wp-content\/uploads\/2024\/12\/proyecto-diseno-detallado-evolut-interior-design.webp","width":348,"height":468,"caption":"Proyecto de dise\u00f1o detallado de Evolut Interior Design en Barcelona"},{"@type":"BreadcrumbList","@id":"https:\/\/evolutinteriordesign.com\/ca\/proyecto-diseno-detallado\/#breadcrumb","itemListElement":[{"@type":"ListItem","position":1,"name":"Portada","item":"https:\/\/evolutinteriordesign.com\/ca\/"},{"@type":"ListItem","position":2,"name":"De la idea a la realidad: proyecto de dise\u00f1o detallado"}]},{"@type":"WebSite","@id":"http:\/\/evolutinteriordesign.com\/#website","url":"http:\/\/evolutinteriordesign.com\/","name":"Evolut Interior Design","description":"","publisher":{"@id":"http:\/\/evolutinteriordesign.com\/#organization"},"potentialAction":[{"@type":"SearchAction","target":{"@type":"EntryPoint","urlTemplate":"http:\/\/evolutinteriordesign.com\/?s={search_term_string}"},"query-input":{"@type":"PropertyValueSpecification","valueRequired":true,"valueName":"search_term_string"}}],"inLanguage":"ca"},{"@type":"Organization","@id":"http:\/\/evolutinteriordesign.com\/#organization","name":"Evolut Interior Design","url":"http:\/\/evolutinteriordesign.com\/","logo":{"@type":"ImageObject","inLanguage":"ca","@id":"http:\/\/evolutinteriordesign.com\/#\/schema\/logo\/image\/","url":"http:\/\/evolutinteriordesign.com\/wp-content\/uploads\/2024\/08\/logo-evolut-blanco.svg","contentUrl":"http:\/\/evolutinteriordesign.com\/wp-content\/uploads\/2024\/08\/logo-evolut-blanco.svg","width":"1024","height":"1024","caption":"Evolut Interior Design"},"image":{"@id":"http:\/\/evolutinteriordesign.com\/#\/schema\/logo\/image\/"}},{"@type":"Person","@id":"http:\/\/evolutinteriordesign.com\/#\/schema\/person\/761273df5e2e3d470e0abe5e3c0e088d","name":"welovewebs","image":{"@type":"ImageObject","inLanguage":"ca","@id":"http:\/\/evolutinteriordesign.com\/#\/schema\/person\/image\/","url":"https:\/\/secure.gravatar.com\/avatar\/7d8316bda3f8bf0c382d5c6f3a5e3eaaf76a6e24bb44b780b8b99e2d0fc92d6a?s=96&d=mm&r=g","contentUrl":"https:\/\/secure.gravatar.com\/avatar\/7d8316bda3f8bf0c382d5c6f3a5e3eaaf76a6e24bb44b780b8b99e2d0fc92d6a?s=96&d=mm&r=g","caption":"welovewebs"},"sameAs":["https:\/\/evolutinteriordesign.com\/"]}]}},"_links":{"self":[{"href":"https:\/\/evolutinteriordesign.com\/ca\/wp-json\/wp\/v2\/posts\/1038","targetHints":{"allow":["GET"]}}],"collection":[{"href":"https:\/\/evolutinteriordesign.com\/ca\/wp-json\/wp\/v2\/posts"}],"about":[{"href":"https:\/\/evolutinteriordesign.com\/ca\/wp-json\/wp\/v2\/types\/post"}],"author":[{"embeddable":true,"href":"https:\/\/evolutinteriordesign.com\/ca\/wp-json\/wp\/v2\/users\/1"}],"replies":[{"embeddable":true,"href":"https:\/\/evolutinteriordesign.com\/ca\/wp-json\/wp\/v2\/comments?post=1038"}],"version-history":[{"count":4,"href":"https:\/\/evolutinteriordesign.com\/ca\/wp-json\/wp\/v2\/posts\/1038\/revisions"}],"predecessor-version":[{"id":1070,"href":"https:\/\/evolutinteriordesign.com\/ca\/wp-json\/wp\/v2\/posts\/1038\/revisions\/1070"}],"wp:featuredmedia":[{"embeddable":true,"href":"https:\/\/evolutinteriordesign.com\/ca\/wp-json\/wp\/v2\/media\/1044"}],"wp:attachment":[{"href":"https:\/\/evolutinteriordesign.com\/ca\/wp-json\/wp\/v2\/media?parent=1038"}],"wp:term":[{"taxonomy":"category","embeddable":true,"href":"https:\/\/evolutinteriordesign.com\/ca\/wp-json\/wp\/v2\/categories?post=1038"},{"taxonomy":"post_tag","embeddable":true,"href":"https:\/\/evolutinteriordesign.com\/ca\/wp-json\/wp\/v2\/tags?post=1038"}],"curies":[{"name":"wp","href":"https:\/\/api.w.org\/{rel}","templated":true}]}}