{"id":864,"date":"2024-09-18T08:29:42","date_gmt":"2024-09-18T06:29:42","guid":{"rendered":"https:\/\/evolutinteriordesign.com\/reforma-integral-duna-casa-unifamiliar\/"},"modified":"2024-09-18T08:29:42","modified_gmt":"2024-09-18T06:29:42","slug":"reforma-integral-duna-casa-unifamiliar","status":"publish","type":"post","link":"https:\/\/evolutinteriordesign.com\/ca\/reforma-integral-duna-casa-unifamiliar\/","title":{"rendered":"Reforma integral d\u00b4una casa unifamiliar"},"content":{"rendered":"<p>Realitzar la <strong>reforma integral d\u00b4una casa unifamiliar<\/strong> \u00e9s una de les decisions m\u00e9s importants per millorar la qualitat de vida, elevar el valor de l\u00b4habitatge i personalitzar cada espai segons les teves necessitats. A <strong>Evolut<\/strong> som especialistes en <strong>reformes de luxe a Barcelona<\/strong> , \u200b\u200bi al llarg dels anys, hem ajudat a transformar llars unifamiliars en aut\u00e8ntiques obres d&#8217;art funcionals, on el disseny i la qualitat es troben en perfecta harmonia. <\/p>\n<h3>Per qu\u00e8 escollir una reforma integral?<\/h3>\n<p>Optar per una <strong>reforma integral<\/strong> et permet reimaginar tots els aspectes de casa teva, des de la distribuci\u00f3 dels espais fins als acabats finals. No nom\u00e9s es tracta de millorar l&#8217;est\u00e8tica, sin\u00f3 tamb\u00e9 optimitzar la funcionalitat, incorporar tecnologia avan\u00e7ada i crear un ambient que transmeti confort i luxe. Una reforma d&#8217;aquesta magnitud ofereix l&#8217;oportunitat de renovar completament l&#8217;estructura, cosa que significa que podeu actualitzar la fontaneria, l&#8217;electricitat, l&#8217;a\u00efllament i els sistemes de climatitzaci\u00f3 per assegurar que la vostra llar sigui eficient i sostenible. A m\u00e9s, comptar amb la possibilitat d&#8217;adaptar l&#8217;habitatge a noves tend\u00e8ncies de disseny interior us permetr\u00e0 gaudir d&#8217;un espai modern i personalitzat. <\/p>\n<h3>Claus per a una reforma integral reeixida<\/h3>\n<ol>\n<li><strong>Planificaci\u00f3 i disseny personalitzat<\/strong> : A <strong>Evolut<\/strong> , entenem que cada client \u00e9s \u00fanic. Per aix\u00f2 els nostres projectes comencen amb una planificaci\u00f3 detallada i una proposta de disseny personalitzada. Estudiem a fons les necessitats dels nostres clients per crear un pla que s\u02bbajusti al seu estil de vida i desitjos. Ja sigui una distribuci\u00f3 m\u00e9s oberta, afegir-hi noves estances o transformar el jard\u00ed, tot comen\u00e7a per una fase de planificaci\u00f3 precisa.   <\/li>\n<li><strong>Materials d&#8217;alta qualitat<\/strong> Un aspecte fonamental en una reforma de luxe \u00e9s l&#8217;elecci\u00f3 dels materials. A Evolut nom\u00e9s treballem amb prove\u00efdors de primera l\u00ednia que ofereixen materials d&#8217;alta qualitat, duradors i elegants. Des de marbre, pedra natural i fustes ex\u00f2tiques, fins a electrodom\u00e8stics de darrera generaci\u00f3 i sistemes de dom\u00f2tica, cada element que seleccionem per als nostres projectes \u00e9s sin\u00f2nim d&#8217;exclusivitat i sofisticaci\u00f3.  <\/li>\n<li><strong>Optimitzaci\u00f3 de l&#8217;espai<\/strong> : Durant el proc\u00e9s de reforma integral, busquem maximitzar el potencial de cada espai. Aix\u00f2 implica reconfigurar la distribuci\u00f3 per millorar-ne la funcionalitat i aprofitar al m\u00e0xim la llum natural. Les reformes de luxe no nom\u00e9s transformen est\u00e8ticament l&#8217;habitatge, sin\u00f3 que tamb\u00e9 asseguren que l&#8217;espai s&#8217;adapti a la vida di\u00e0ria, integrant solucions intel\u00b7ligents d&#8217;emmagatzematge i de funcionalitat.  <\/li>\n<li><strong>Sostenibilitat i efici\u00e8ncia energ\u00e8tica<\/strong> : Un dels aspectes m\u00e9s valorats en les reformes actuals \u00e9s la sostenibilitat. A <strong>Evolut<\/strong> , integrem tecnologies i solucions energ\u00e8ticament eficients en tots els nostres projectes. Des de la instal\u00b7laci\u00f3 de sistemes de calefacci\u00f3 per terra radiant, fins a l&#8217;\u00fas d&#8217;a\u00efllaments d&#8217;alta qualitat i finestres de doble vidre, garantim que la teva llar no sigui nom\u00e9s luxosa, sin\u00f3 tamb\u00e9 responsable amb el medi ambient.  <\/li>\n<\/ol>\n<h3>Proc\u00e9s de reforma integral amb Evolut<\/h3>\n<p>El proc\u00e9s de reforma integral d\u00b4una casa unifamiliar amb <strong>Evolut<\/strong> comen\u00e7a amb una primera reuni\u00f3 per avaluar l\u00b4estat actual de l\u00b4habitatge i comprendre les necessitats del client. Despr\u00e9s d&#8217;una inspecci\u00f3 detallada, us presentem una proposta que inclou pl\u00e0nols, materials, cronograma i pressupost. Mantenim una comunicaci\u00f3 constant al llarg de tot el projecte per assegurar-nos que el resultat final superi les expectatives. Durant l&#8217;execuci\u00f3, el nostre equip d&#8217;experts en <strong>reformes de luxe a Barcelona<\/strong> treballa de manera eficient i curosa, assegurant que cada detall estigui perfectament alineat amb el pla establert. Coordinem tots els professionals necessaris, des d&#8217;arquitectes fins a electricistes i fusters, per garantir que el projecte es lliuri a temps i amb la m\u00e0xima qualitat.  <\/p>\n<h3>Beneficis d\u00b4una reforma integral amb Evolut<\/h3>\n<p>Optar per una reforma integral amb <strong>Evolut<\/strong> ofereix m\u00faltiples avantatges. En primer lloc, com que es tracta d&#8217;una transformaci\u00f3 completa, \u00e9s m\u00e9s f\u00e0cil integrar millores estructurals i tecnol\u00f2giques des del principi. En segon lloc, una reforma integral permet un disseny completament coherent a totes les estances, cosa que contribueix a la creaci\u00f3 d&#8217;una llar harmoniosa, sofisticada i funcional. A m\u00e9s, a <strong>Evolut<\/strong> ens especialitzem en <strong>reformes de luxe<\/strong> , la qual cosa significa que treballem amb els millors materials i professionals del sector per garantir resultats d&#8217;alta gamma. El nostre objectiu \u00e9s que cada projecte no nom\u00e9s compleixi les expectatives dels nostres clients, sin\u00f3 que les superi en termes de qualitat, disseny i exclusivitat.  <\/p>\n<h3>Est\u00e0s llest per transformar la teva llar?<\/h3>\n<p>A <strong>Evolut<\/strong> estem preparats per acompanyar-te en cada etapa del proc\u00e9s de reforma integral de casa teva unifamiliar. Si est\u00e0s pensant en renovar la teva llar i convertir-la en un espai de luxe, no dubtis a <strong>contactar-nos<\/strong> . T\u00b4oferim un servei personalitzat, d\u00b4alta qualitat i adaptat a les teves necessitats. Truca&#8217;ns avui mateix per concertar una primera reuni\u00f3 sense comprom\u00eds i comen\u00e7a a fer realitat la casa dels teus somnis. <strong>Evolut, reformes de luxe a Barcelona<\/strong> .   <\/p>\n","protected":false},"excerpt":{"rendered":"<p>Realitzar la reforma integral d\u00b4una casa unifamiliar \u00e9s una de les decisions m\u00e9s importants per millorar la qualitat de vida, elevar el valor de l\u00b4habitatge i personalitzar cada espai segons les teves necessitats. A Evolut som especialistes en reformes de luxe a Barcelona , \u200b\u200bi al llarg dels anys, hem ajudat a transformar llars unifamiliars [&hellip;]<\/p>\n","protected":false},"author":1,"featured_media":822,"comment_status":"closed","ping_status":"closed","sticky":false,"template":"","format":"standard","meta":{"_acf_changed":false,"_et_pb_use_builder":"","_et_pb_old_content":"","_et_gb_content_width":"","inline_featured_image":false,"footnotes":""},"categories":[19],"tags":[],"class_list":["post-864","post","type-post","status-publish","format-standard","has-post-thumbnail","hentry","category-cases"],"acf":[],"yoast_head":"<!-- This site is optimized with the Yoast SEO plugin v23.9 - https:\/\/yoast.com\/wordpress\/plugins\/seo\/ -->\n<title>Reforma integral d\u00b4una casa unifamiliar - Evolut Interior Design<\/title>\n<meta name=\"robots\" content=\"index, follow, max-snippet:-1, max-image-preview:large, max-video-preview:-1\" \/>\n<link rel=\"canonical\" href=\"https:\/\/evolutinteriordesign.com\/ca\/reforma-integral-duna-casa-unifamiliar\/\" \/>\n<meta property=\"og:locale\" content=\"ca_ES\" \/>\n<meta property=\"og:type\" content=\"article\" \/>\n<meta property=\"og:title\" content=\"Reforma integral d\u00b4una casa unifamiliar - Evolut Interior Design\" \/>\n<meta property=\"og:description\" content=\"Realitzar la reforma integral d\u00b4una casa unifamiliar \u00e9s una de les decisions m\u00e9s importants per millorar la qualitat de vida, elevar el valor de l\u00b4habitatge i personalitzar cada espai segons les teves necessitats. A Evolut som especialistes en reformes de luxe a Barcelona , \u200b\u200bi al llarg dels anys, hem ajudat a transformar llars unifamiliars [&hellip;]\" \/>\n<meta property=\"og:url\" content=\"https:\/\/evolutinteriordesign.com\/ca\/reforma-integral-duna-casa-unifamiliar\/\" \/>\n<meta property=\"og:site_name\" content=\"Evolut Interior Design\" \/>\n<meta property=\"article:published_time\" content=\"2024-09-18T06:29:42+00:00\" \/>\n<meta property=\"og:image\" content=\"https:\/\/evolutinteriordesign.com\/wp-content\/uploads\/2024\/08\/post-4-evolut.webp\" \/>\n\t<meta property=\"og:image:width\" content=\"348\" \/>\n\t<meta property=\"og:image:height\" content=\"467\" \/>\n\t<meta property=\"og:image:type\" content=\"image\/webp\" \/>\n<meta name=\"author\" content=\"welovewebs\" \/>\n<meta name=\"twitter:card\" content=\"summary_large_image\" \/>\n<meta name=\"twitter:label1\" content=\"Escrit per\" \/>\n\t<meta name=\"twitter:data1\" content=\"welovewebs\" \/>\n\t<meta name=\"twitter:label2\" content=\"Temps estimat de lectura\" \/>\n\t<meta name=\"twitter:data2\" content=\"4 minuts\" \/>\n<script type=\"application\/ld+json\" class=\"yoast-schema-graph\">{\"@context\":\"https:\/\/schema.org\",\"@graph\":[{\"@type\":\"Article\",\"@id\":\"https:\/\/evolutinteriordesign.com\/ca\/reforma-integral-duna-casa-unifamiliar\/#article\",\"isPartOf\":{\"@id\":\"https:\/\/evolutinteriordesign.com\/ca\/reforma-integral-duna-casa-unifamiliar\/\"},\"author\":{\"name\":\"welovewebs\",\"@id\":\"http:\/\/evolutinteriordesign.com\/#\/schema\/person\/761273df5e2e3d470e0abe5e3c0e088d\"},\"headline\":\"Reforma integral d\u00b4una casa unifamiliar\",\"datePublished\":\"2024-09-18T06:29:42+00:00\",\"dateModified\":\"2024-09-18T06:29:42+00:00\",\"mainEntityOfPage\":{\"@id\":\"https:\/\/evolutinteriordesign.com\/ca\/reforma-integral-duna-casa-unifamiliar\/\"},\"wordCount\":862,\"publisher\":{\"@id\":\"http:\/\/evolutinteriordesign.com\/#organization\"},\"image\":{\"@id\":\"https:\/\/evolutinteriordesign.com\/ca\/reforma-integral-duna-casa-unifamiliar\/#primaryimage\"},\"thumbnailUrl\":\"https:\/\/evolutinteriordesign.com\/wp-content\/uploads\/2024\/08\/post-4-evolut.webp\",\"articleSection\":[\"Cases\"],\"inLanguage\":\"ca\"},{\"@type\":\"WebPage\",\"@id\":\"https:\/\/evolutinteriordesign.com\/ca\/reforma-integral-duna-casa-unifamiliar\/\",\"url\":\"https:\/\/evolutinteriordesign.com\/ca\/reforma-integral-duna-casa-unifamiliar\/\",\"name\":\"Reforma integral d\u00b4una casa unifamiliar - Evolut Interior Design\",\"isPartOf\":{\"@id\":\"http:\/\/evolutinteriordesign.com\/#website\"},\"primaryImageOfPage\":{\"@id\":\"https:\/\/evolutinteriordesign.com\/ca\/reforma-integral-duna-casa-unifamiliar\/#primaryimage\"},\"image\":{\"@id\":\"https:\/\/evolutinteriordesign.com\/ca\/reforma-integral-duna-casa-unifamiliar\/#primaryimage\"},\"thumbnailUrl\":\"https:\/\/evolutinteriordesign.com\/wp-content\/uploads\/2024\/08\/post-4-evolut.webp\",\"datePublished\":\"2024-09-18T06:29:42+00:00\",\"dateModified\":\"2024-09-18T06:29:42+00:00\",\"breadcrumb\":{\"@id\":\"https:\/\/evolutinteriordesign.com\/ca\/reforma-integral-duna-casa-unifamiliar\/#breadcrumb\"},\"inLanguage\":\"ca\",\"potentialAction\":[{\"@type\":\"ReadAction\",\"target\":[\"https:\/\/evolutinteriordesign.com\/ca\/reforma-integral-duna-casa-unifamiliar\/\"]}]},{\"@type\":\"ImageObject\",\"inLanguage\":\"ca\",\"@id\":\"https:\/\/evolutinteriordesign.com\/ca\/reforma-integral-duna-casa-unifamiliar\/#primaryimage\",\"url\":\"https:\/\/evolutinteriordesign.com\/wp-content\/uploads\/2024\/08\/post-4-evolut.webp\",\"contentUrl\":\"https:\/\/evolutinteriordesign.com\/wp-content\/uploads\/2024\/08\/post-4-evolut.webp\",\"width\":348,\"height\":467},{\"@type\":\"BreadcrumbList\",\"@id\":\"https:\/\/evolutinteriordesign.com\/ca\/reforma-integral-duna-casa-unifamiliar\/#breadcrumb\",\"itemListElement\":[{\"@type\":\"ListItem\",\"position\":1,\"name\":\"Portada\",\"item\":\"https:\/\/evolutinteriordesign.com\/ca\/\"},{\"@type\":\"ListItem\",\"position\":2,\"name\":\"Reforma integral d\u00b4una casa unifamiliar\"}]},{\"@type\":\"WebSite\",\"@id\":\"http:\/\/evolutinteriordesign.com\/#website\",\"url\":\"http:\/\/evolutinteriordesign.com\/\",\"name\":\"Evolut Interior Design\",\"description\":\"\",\"publisher\":{\"@id\":\"http:\/\/evolutinteriordesign.com\/#organization\"},\"potentialAction\":[{\"@type\":\"SearchAction\",\"target\":{\"@type\":\"EntryPoint\",\"urlTemplate\":\"http:\/\/evolutinteriordesign.com\/?s={search_term_string}\"},\"query-input\":{\"@type\":\"PropertyValueSpecification\",\"valueRequired\":true,\"valueName\":\"search_term_string\"}}],\"inLanguage\":\"ca\"},{\"@type\":\"Organization\",\"@id\":\"http:\/\/evolutinteriordesign.com\/#organization\",\"name\":\"Evolut Interior Design\",\"url\":\"http:\/\/evolutinteriordesign.com\/\",\"logo\":{\"@type\":\"ImageObject\",\"inLanguage\":\"ca\",\"@id\":\"http:\/\/evolutinteriordesign.com\/#\/schema\/logo\/image\/\",\"url\":\"http:\/\/evolutinteriordesign.com\/wp-content\/uploads\/2024\/08\/logo-evolut-blanco.svg\",\"contentUrl\":\"http:\/\/evolutinteriordesign.com\/wp-content\/uploads\/2024\/08\/logo-evolut-blanco.svg\",\"width\":\"1024\",\"height\":\"1024\",\"caption\":\"Evolut Interior Design\"},\"image\":{\"@id\":\"http:\/\/evolutinteriordesign.com\/#\/schema\/logo\/image\/\"}},{\"@type\":\"Person\",\"@id\":\"http:\/\/evolutinteriordesign.com\/#\/schema\/person\/761273df5e2e3d470e0abe5e3c0e088d\",\"name\":\"welovewebs\",\"image\":{\"@type\":\"ImageObject\",\"inLanguage\":\"ca\",\"@id\":\"http:\/\/evolutinteriordesign.com\/#\/schema\/person\/image\/\",\"url\":\"https:\/\/secure.gravatar.com\/avatar\/7d8316bda3f8bf0c382d5c6f3a5e3eaaf76a6e24bb44b780b8b99e2d0fc92d6a?s=96&d=mm&r=g\",\"contentUrl\":\"https:\/\/secure.gravatar.com\/avatar\/7d8316bda3f8bf0c382d5c6f3a5e3eaaf76a6e24bb44b780b8b99e2d0fc92d6a?s=96&d=mm&r=g\",\"caption\":\"welovewebs\"},\"sameAs\":[\"https:\/\/evolutinteriordesign.com\/\"]}]}<\/script>\n<!-- \/ Yoast SEO plugin. -->","yoast_head_json":{"title":"Reforma integral d\u00b4una casa unifamiliar - Evolut Interior Design","robots":{"index":"index","follow":"follow","max-snippet":"max-snippet:-1","max-image-preview":"max-image-preview:large","max-video-preview":"max-video-preview:-1"},"canonical":"https:\/\/evolutinteriordesign.com\/ca\/reforma-integral-duna-casa-unifamiliar\/","og_locale":"ca_ES","og_type":"article","og_title":"Reforma integral d\u00b4una casa unifamiliar - Evolut Interior Design","og_description":"Realitzar la reforma integral d\u00b4una casa unifamiliar \u00e9s una de les decisions m\u00e9s importants per millorar la qualitat de vida, elevar el valor de l\u00b4habitatge i personalitzar cada espai segons les teves necessitats. A Evolut som especialistes en reformes de luxe a Barcelona , \u200b\u200bi al llarg dels anys, hem ajudat a transformar llars unifamiliars [&hellip;]","og_url":"https:\/\/evolutinteriordesign.com\/ca\/reforma-integral-duna-casa-unifamiliar\/","og_site_name":"Evolut Interior Design","article_published_time":"2024-09-18T06:29:42+00:00","og_image":[{"width":348,"height":467,"url":"https:\/\/evolutinteriordesign.com\/wp-content\/uploads\/2024\/08\/post-4-evolut.webp","type":"image\/webp"}],"author":"welovewebs","twitter_card":"summary_large_image","twitter_misc":{"Escrit per":"welovewebs","Temps estimat de lectura":"4 minuts"},"schema":{"@context":"https:\/\/schema.org","@graph":[{"@type":"Article","@id":"https:\/\/evolutinteriordesign.com\/ca\/reforma-integral-duna-casa-unifamiliar\/#article","isPartOf":{"@id":"https:\/\/evolutinteriordesign.com\/ca\/reforma-integral-duna-casa-unifamiliar\/"},"author":{"name":"welovewebs","@id":"http:\/\/evolutinteriordesign.com\/#\/schema\/person\/761273df5e2e3d470e0abe5e3c0e088d"},"headline":"Reforma integral d\u00b4una casa unifamiliar","datePublished":"2024-09-18T06:29:42+00:00","dateModified":"2024-09-18T06:29:42+00:00","mainEntityOfPage":{"@id":"https:\/\/evolutinteriordesign.com\/ca\/reforma-integral-duna-casa-unifamiliar\/"},"wordCount":862,"publisher":{"@id":"http:\/\/evolutinteriordesign.com\/#organization"},"image":{"@id":"https:\/\/evolutinteriordesign.com\/ca\/reforma-integral-duna-casa-unifamiliar\/#primaryimage"},"thumbnailUrl":"https:\/\/evolutinteriordesign.com\/wp-content\/uploads\/2024\/08\/post-4-evolut.webp","articleSection":["Cases"],"inLanguage":"ca"},{"@type":"WebPage","@id":"https:\/\/evolutinteriordesign.com\/ca\/reforma-integral-duna-casa-unifamiliar\/","url":"https:\/\/evolutinteriordesign.com\/ca\/reforma-integral-duna-casa-unifamiliar\/","name":"Reforma integral d\u00b4una casa unifamiliar - Evolut Interior Design","isPartOf":{"@id":"http:\/\/evolutinteriordesign.com\/#website"},"primaryImageOfPage":{"@id":"https:\/\/evolutinteriordesign.com\/ca\/reforma-integral-duna-casa-unifamiliar\/#primaryimage"},"image":{"@id":"https:\/\/evolutinteriordesign.com\/ca\/reforma-integral-duna-casa-unifamiliar\/#primaryimage"},"thumbnailUrl":"https:\/\/evolutinteriordesign.com\/wp-content\/uploads\/2024\/08\/post-4-evolut.webp","datePublished":"2024-09-18T06:29:42+00:00","dateModified":"2024-09-18T06:29:42+00:00","breadcrumb":{"@id":"https:\/\/evolutinteriordesign.com\/ca\/reforma-integral-duna-casa-unifamiliar\/#breadcrumb"},"inLanguage":"ca","potentialAction":[{"@type":"ReadAction","target":["https:\/\/evolutinteriordesign.com\/ca\/reforma-integral-duna-casa-unifamiliar\/"]}]},{"@type":"ImageObject","inLanguage":"ca","@id":"https:\/\/evolutinteriordesign.com\/ca\/reforma-integral-duna-casa-unifamiliar\/#primaryimage","url":"https:\/\/evolutinteriordesign.com\/wp-content\/uploads\/2024\/08\/post-4-evolut.webp","contentUrl":"https:\/\/evolutinteriordesign.com\/wp-content\/uploads\/2024\/08\/post-4-evolut.webp","width":348,"height":467},{"@type":"BreadcrumbList","@id":"https:\/\/evolutinteriordesign.com\/ca\/reforma-integral-duna-casa-unifamiliar\/#breadcrumb","itemListElement":[{"@type":"ListItem","position":1,"name":"Portada","item":"https:\/\/evolutinteriordesign.com\/ca\/"},{"@type":"ListItem","position":2,"name":"Reforma integral d\u00b4una casa unifamiliar"}]},{"@type":"WebSite","@id":"http:\/\/evolutinteriordesign.com\/#website","url":"http:\/\/evolutinteriordesign.com\/","name":"Evolut Interior Design","description":"","publisher":{"@id":"http:\/\/evolutinteriordesign.com\/#organization"},"potentialAction":[{"@type":"SearchAction","target":{"@type":"EntryPoint","urlTemplate":"http:\/\/evolutinteriordesign.com\/?s={search_term_string}"},"query-input":{"@type":"PropertyValueSpecification","valueRequired":true,"valueName":"search_term_string"}}],"inLanguage":"ca"},{"@type":"Organization","@id":"http:\/\/evolutinteriordesign.com\/#organization","name":"Evolut Interior Design","url":"http:\/\/evolutinteriordesign.com\/","logo":{"@type":"ImageObject","inLanguage":"ca","@id":"http:\/\/evolutinteriordesign.com\/#\/schema\/logo\/image\/","url":"http:\/\/evolutinteriordesign.com\/wp-content\/uploads\/2024\/08\/logo-evolut-blanco.svg","contentUrl":"http:\/\/evolutinteriordesign.com\/wp-content\/uploads\/2024\/08\/logo-evolut-blanco.svg","width":"1024","height":"1024","caption":"Evolut Interior Design"},"image":{"@id":"http:\/\/evolutinteriordesign.com\/#\/schema\/logo\/image\/"}},{"@type":"Person","@id":"http:\/\/evolutinteriordesign.com\/#\/schema\/person\/761273df5e2e3d470e0abe5e3c0e088d","name":"welovewebs","image":{"@type":"ImageObject","inLanguage":"ca","@id":"http:\/\/evolutinteriordesign.com\/#\/schema\/person\/image\/","url":"https:\/\/secure.gravatar.com\/avatar\/7d8316bda3f8bf0c382d5c6f3a5e3eaaf76a6e24bb44b780b8b99e2d0fc92d6a?s=96&d=mm&r=g","contentUrl":"https:\/\/secure.gravatar.com\/avatar\/7d8316bda3f8bf0c382d5c6f3a5e3eaaf76a6e24bb44b780b8b99e2d0fc92d6a?s=96&d=mm&r=g","caption":"welovewebs"},"sameAs":["https:\/\/evolutinteriordesign.com\/"]}]}},"_links":{"self":[{"href":"https:\/\/evolutinteriordesign.com\/ca\/wp-json\/wp\/v2\/posts\/864","targetHints":{"allow":["GET"]}}],"collection":[{"href":"https:\/\/evolutinteriordesign.com\/ca\/wp-json\/wp\/v2\/posts"}],"about":[{"href":"https:\/\/evolutinteriordesign.com\/ca\/wp-json\/wp\/v2\/types\/post"}],"author":[{"embeddable":true,"href":"https:\/\/evolutinteriordesign.com\/ca\/wp-json\/wp\/v2\/users\/1"}],"replies":[{"embeddable":true,"href":"https:\/\/evolutinteriordesign.com\/ca\/wp-json\/wp\/v2\/comments?post=864"}],"version-history":[{"count":0,"href":"https:\/\/evolutinteriordesign.com\/ca\/wp-json\/wp\/v2\/posts\/864\/revisions"}],"wp:featuredmedia":[{"embeddable":true,"href":"https:\/\/evolutinteriordesign.com\/ca\/wp-json\/wp\/v2\/media\/822"}],"wp:attachment":[{"href":"https:\/\/evolutinteriordesign.com\/ca\/wp-json\/wp\/v2\/media?parent=864"}],"wp:term":[{"taxonomy":"category","embeddable":true,"href":"https:\/\/evolutinteriordesign.com\/ca\/wp-json\/wp\/v2\/categories?post=864"},{"taxonomy":"post_tag","embeddable":true,"href":"https:\/\/evolutinteriordesign.com\/ca\/wp-json\/wp\/v2\/tags?post=864"}],"curies":[{"name":"wp","href":"https:\/\/api.w.org\/{rel}","templated":true}]}}